{"id":3820,"date":"2022-06-01T15:50:30","date_gmt":"2022-06-01T13:50:30","guid":{"rendered":"https:\/\/www.fronton.be\/renovation-of-st-pie-x-church\/"},"modified":"2022-07-21T19:37:18","modified_gmt":"2022-07-21T17:37:18","slug":"renovation-of-st-pie-x-church","status":"publish","type":"post","link":"https:\/\/www.fronton.be\/en\/renovation-of-st-pie-x-church\/","title":{"rendered":"RENOVATION OF ST PIE X CHURCH"},"content":{"rendered":"<style>#jtg-2635 .modula-item .jtg-social a, .lightbox-socials.jtg-social a{ fill: #ffffff; color: #ffffff }#jtg-2635 .modula-item .jtg-social-expandable a, #jtg-2635 .modula-item .jtg-social-expandable-icons a{ fill: #ffffff; color: #ffffff }#jtg-2635 .modula-item .jtg-social svg, .lightbox-socials.jtg-social svg { height: 16px; width: 16px }#jtg-2635 .modula-item .jtg-social-expandable svg { height: 16px; width: 16px }#jtg-2635 .modula-item .jtg-social-expandable-icons svg { height: 16px; width: 16px }#jtg-2635 .modula-item .jtg-social a:not(:last-child), .lightbox-socials.jtg-social a:not(:last-child) { margin-right: 10px }#jtg-2635 .modula-item .jtg-social-expandable-icons { gap: 10px }#jtg-2635 .modula-item .figc {color:#ffffff;}#jtg-2635 .modula-item .modula-item-content { transform: scale(1) }#jtg-2635 { width:100%;}#jtg-2635 .modula-items .figc p.description { font-size:14px; }#jtg-2635 .modula-items .figc p.description { color:#ffffff;}#jtg-2635.modula-gallery .modula-item > a, #jtg-2635.modula-gallery .modula-item, #jtg-2635.modula-gallery .modula-item-content > a:not(.modula-no-follow) { cursor:zoom-in; } #jtg-2635.modula-gallery .modula-item-content .modula-no-follow { cursor: default; } #jtg-2635.modula-gallery .modula-item, #jtg-2635.modula-gallery .modula-grid-sizer { width: calc(25% - 7.5px) ; } @media (min-width: 768px) and (max-width:992px) { html body #jtg-2635.modula-gallery .modula-item, html body  #jtg-2635.modula-gallery .modula-grid-sizer {width: calc(50% - 0px ) ; } }@media (max-width: 768px) { html body #jtg-2635.modula-gallery .modula-item, html body  #jtg-2635.modula-gallery .modula-grid-sizer {width: calc(100% - 0px ) ; } }#jtg-2635 .modula-items{position:relative;}#jtg-2635 .modula-item .modula-item-overlay, #jtg-2635 .modula-item.effect-layla, #jtg-2635  .modula-item.effect-ruby,#jtg-2635 .modula-item.effect-bubba,#jtg-2635 .modula-item.effect-sarah,#jtg-2635 .modula-item.effect-milo,#jtg-2635 .modula-item.effect-julia,#jtg-2635 .modula-item.effect-hera,#jtg-2635 .modula-item.effect-winston,#jtg-2635 .modula-item.effect-selena,#jtg-2635 .modula-item.effect-terry,#jtg-2635 .modula-item.effect-phoebe,#jtg-2635 .modula-item.effect-apollo{ background-color:#ffffff; }#jtg-2635  .modula-item.effect-oscar { background: -webkit-linear-gradient(45deg,#ffffff 0,#9b4a1b 40%,#ffffff 100%);background: linear-gradient(45deg,#ffffff 0,#9b4a1b 40%,#ffffff 100%);}#jtg-2635  .modula-item.effect-roxy {background: -webkit-linear-gradient(45deg,#ffffff 0,#05abe0 100%);background: linear-gradient(45deg,#ffffff 0,#05abe0 100%);}#jtg-2635 .modula-item.effect-dexter {background: -webkit-linear-gradient(top,#ffffff 0,rgba(104,60,19,1) 100%); background: linear-gradient(to bottom,#ffffff 0,rgba(104,60,19,1) 100%);}#jtg-2635  .modula-item.effect-jazz {background: -webkit-linear-gradient(-45deg,#ffffff 0,#f33f58 100%);background: linear-gradient(-45deg,#ffffff 0,#f33f58 100%);}#jtg-2635 .modula-item.effect-lexi {background: -webkit-linear-gradient(-45deg,#ffffff 0,#fff 100%);background: linear-gradient(-45deg,#ffffff 0,#fff 100%);}#jtg-2635 .modula-item.effect-duke {background: -webkit-linear-gradient(-45deg,#ffffff 0,#cc6055 100%);background: linear-gradient(-45deg,#ffffff 0,#cc6055 100%);}#jtg-2635 .modula-item.effect-ming .figc::before {border: 2px solid #ffffff; box-shadow: 0 0 0 100vmax rgba(255,255,255,0.5);}#jtg-2635 .modula-item:hover img { opacity: 0.5; }#jtg-2635 .jtg-title {font-weight:400; }#jtg-2635 p.description {font-weight:normal; }#jtg-2635:not(.modula-loaded-scale)  .modula-item .modula-item-content { transform: scale(1) translate(0px,0px) rotate(0deg); }#jtg-2635:not(.modula-loaded-scale)  .modula-item.effect-under .modula-item-image-continer { transform: scale(1) translate(0px,0px) rotate(0deg); }@keyframes modulaScaling { 0% {transform: scale(1) translate(0px,p0x) rotate(0deg);} 50%{transform: scale(1) translate(0px,0px) rotate(0deg);}100%{transform: scale(1) translate(0px,p0x) rotate(0deg);}}#jtg-2635.modula-gallery .modula-item.effect-terry .jtg-social a:not(:last-child){margin-bottom:10px;}.modula-fancybox-container.modula-lightbox-jtg-2635 .modula-fancybox-caption .modula-fancybox-caption__body, .modula-fancybox-container.modula-lightbox-jtg-2635 .modula-fancybox-caption .modula-fancybox-caption__body p {text-align:left}html body .modula.modula-columns .modula-items.grid-gallery .modula-item.effect-under .modula-item-content { height:auto;}@media all and (max-width: 768px) { .modula-gallery .modula-item.effect-under.modula-caption-effect-item.jg-entry { margin-top: 0px; } }#jtg-2635 .modula-item.effect-under .modula-item-image-continer { transform: scale(1) }.modula-fancybox-container.modula-lightbox-jtg-2635 .fancybox__caption {align-self:flex-start}#jtg-2635 .modula-video-icon {  position: absolute; width: 30px;top: 50%;left: 50%;transform: translate(-50%,-50%); }#jtg-2635 .modula-video-icon { z-index:10; }#jtg-2635 .modula-video-icon path { fill : #FFF }.modula-gallery a.tile-inner, .modula-gallery img.pic {-webkit-touch-callout: none;}.pp_pic_holder img {-webkit-touch-callout: none;}.modula-fancybox-container.modula-lightbox-jtg-2635 .fancybox__caption {align-self:flex-start}@media screen and (max-width:480px){#jtg-2635 .modula-item .figc .jtg-title {  font-size: 12px; }#jtg-2635 .modula-items .figc p.description { color:#ffffff;font-size:10px; }}<\/style>\n<div  id=\"jtg-2635\" class=\"modula modula-gallery modula-columns modula-is-lazy\" data-config=\"{&quot;tabletHeight&quot;:800,&quot;mobileHeight&quot;:800,&quot;desktopHeight&quot;:800,&quot;enableTwitter&quot;:false,&quot;enableWhatsapp&quot;:false,&quot;enableFacebook&quot;:false,&quot;enablePinterest&quot;:false,&quot;enableLinkedin&quot;:false,&quot;enableEmail&quot;:false,&quot;randomFactor&quot;:0.5,&quot;type&quot;:&quot;grid&quot;,&quot;columns&quot;:12,&quot;gutter&quot;:10,&quot;mobileGutter&quot;:0,&quot;tabletGutter&quot;:0,&quot;desktopGutter&quot;:10,&quot;enableResponsive&quot;:&quot;1&quot;,&quot;tabletColumns&quot;:&quot;2&quot;,&quot;mobileColumns&quot;:&quot;1&quot;,&quot;lazyLoad&quot;:&quot;1&quot;,&quot;lightboxOpts&quot;:{&quot;animated&quot;:true,&quot;Thumbs&quot;:{&quot;type&quot;:&quot;modern&quot;,&quot;showOnStart&quot;:false},&quot;Toolbar&quot;:{&quot;display&quot;:{&quot;right&quot;:[&quot;fullscreen&quot;,&quot;slideshow&quot;,&quot;zoomIn&quot;,&quot;zoomOut&quot;,&quot;close&quot;],&quot;left&quot;:[&quot;infobar&quot;]},&quot;enabled&quot;:true},&quot;Carousel&quot;:{&quot;Panzoom&quot;:{&quot;touch&quot;:false},&quot;infinite&quot;:true,&quot;transition&quot;:&quot;fade&quot;},&quot;keyboard&quot;:{&quot;Escape&quot;:&quot;close&quot;,&quot;Delete&quot;:&quot;close&quot;,&quot;Backspace&quot;:&quot;close&quot;,&quot;PageUp&quot;:&quot;next&quot;,&quot;PageDown&quot;:&quot;prev&quot;,&quot;ArrowUp&quot;:&quot;prev&quot;,&quot;ArrowDown&quot;:&quot;next&quot;,&quot;ArrowRight&quot;:&quot;next&quot;,&quot;ArrowLeft&quot;:&quot;prev&quot;},&quot;touch&quot;:false,&quot;backdropClick&quot;:&quot;close&quot;,&quot;l10n&quot;:{&quot;CLOSE&quot;:&quot;Close&quot;,&quot;NEXT&quot;:&quot;Next&quot;,&quot;PREV&quot;:&quot;Previous&quot;,&quot;Error&quot;:&quot;The requested content cannot be loaded. Please try again later.&quot;,&quot;PLAY_START&quot;:&quot;Start slideshow&quot;,&quot;PLAY_STOP&quot;:&quot;Pause slideshow&quot;,&quot;FULL_SCREEN&quot;:&quot;Full screen&quot;,&quot;THUMBS&quot;:&quot;Thumbnails&quot;,&quot;DOWNLOAD&quot;:&quot;Download&quot;,&quot;SHARE&quot;:&quot;Share&quot;,&quot;ZOOM&quot;:&quot;Zoom&quot;,&quot;EMAIL&quot;:&quot;Here is the link to the image : %%image_link%% and this is the link to the gallery : %%gallery_link%%&quot;,&quot;MODAL&quot;:&quot;You can close this modal content with the ESC key&quot;,&quot;ERROR&quot;:&quot;Something Went Wrong, Please Try Again Later&quot;,&quot;IMAGE_ERROR&quot;:&quot;Image Not Found&quot;,&quot;ELEMENT_NOT_FOUND&quot;:&quot;HTML Element Not Found&quot;,&quot;AJAX_NOT_FOUND&quot;:&quot;Error Loading AJAX : Not Found&quot;,&quot;AJAX_FORBIDDEN&quot;:&quot;Error Loading AJAX : Forbidden&quot;,&quot;IFRAME_ERROR&quot;:&quot;Error Loading Page&quot;,&quot;TOGGLE_ZOOM&quot;:&quot;Toggle zoom level&quot;,&quot;TOGGLE_THUMBS&quot;:&quot;Toggle thumbnails&quot;,&quot;TOGGLE_SLIDESHOW&quot;:&quot;Toggle slideshow&quot;,&quot;TOGGLE_FULLSCREEN&quot;:&quot;Toggle full-screen mode&quot;},&quot;Images&quot;:{&quot;Panzoom&quot;:{&quot;maxScale&quot;:2},&quot;protected&quot;:true},&quot;toolbar&quot;:true,&quot;wheel&quot;:&quot;slide&quot;,&quot;animationEffect&quot;:&quot;false&quot;,&quot;animationDuration&quot;:366,&quot;transitionEffect&quot;:&quot;false&quot;,&quot;Slideshow&quot;:{&quot;playOnStart&quot;:true,&quot;pauseOnHover&quot;:false,&quot;timeout&quot;:5000},&quot;mainClass&quot;:&quot;modula-fancybox-container modula-lightbox-jtg-2635&quot;,&quot;Html&quot;:{&quot;videoAutoplay&quot;:0,&quot;videoTpl&quot;:&quot;&lt;video class=\\&quot;fancybox__html5video\\&quot; controls muted playsinline controlsList controlsList=\\&quot;nodownload\\&quot; poster=\\&quot;{{poster}}\\&quot; src=\\&quot;{{src}}\\&quot; type=\\&quot;{{format}}\\&quot; &gt;  Sorry, your browser doesn&#039;t support embedded videos, &lt;a href=\\&quot;{{src}}\\&quot;&gt; download &lt;\\\/a&gt; and watch with your favorite video player! &lt;\\\/video&gt;&quot;}},&quot;inView&quot;:false,&quot;email_subject&quot;:&quot;Check out this awesome image !!&quot;,&quot;email_message&quot;:&quot;Here is the link to the image : %%image_link%% and this is the link to the gallery : %%gallery_link%%&quot;,&quot;grid_type&quot;:&quot;4&quot;,&quot;rowHeight&quot;:150,&quot;lastRow&quot;:&quot;justify&quot;,&quot;lightbox&quot;:&quot;fancybox&quot;,&quot;filterClick&quot;:&quot;0&quot;,&quot;dropdownFilters&quot;:&quot;1&quot;,&quot;defaultActiveFilter&quot;:&quot;all&quot;,&quot;initLightbox&quot;:&quot;modula_pro_init_lightbox&quot;,&quot;haveFilters&quot;:0,&quot;lightbox_devices&quot;:&quot;both&quot;,&quot;options&quot;:{&quot;lightbox&quot;:&quot;fancybox&quot;},&quot;enableSlideshow&quot;:&quot;1&quot;,&quot;enableAutoplay&quot;:&quot;1&quot;,&quot;slideshowSpeed&quot;:&quot;5000&quot;,&quot;pauseOnHover&quot;:&quot;0&quot;}\">\n\n\t<div class=\"modula-grid-sizer\"> <\/div>\n\t<div  class=\"modula-items grid-gallery\">\n\t\t<div class=\"modula-item effect-pufrobo jtg-filter-all jtg-filter-\" >\n\t<div class=\"modula-item-overlay\"><\/div>\n\n\t<div class=\"modula-item-content\">\n\n\t\t\t\t\n\t\t\t\t\t<a data-image-id=\"2651\" data-elementor-open-lightbox=\"no\" tabindex=\"0\" href=\"https:\/\/www.fronton.be\/wp-content\/uploads\/2022\/02\/01-St-Pie-X-avant-travaux-6.png\" rel=\"jtg-2635\" data-caption=\"\" aria-label=\"Open image in lightbox\" role=\"button\" data-thumb=\"https:\/\/www.fronton.be\/wp-content\/uploads\/2022\/02\/01-St-Pie-X-avant-travaux-6-150x150.png\" class=\"tile-inner modula-item-link\"><\/a>\n\t\t\n\t\t<img fetchpriority=\"high\" class=\"pic wp-image-2651 lazyload\"  data-valign=\"middle\" data-halign=\"center\" alt=\"R\u00e9novation d&#039;\u00e9glise St Pie X \u00e0 Uccle en Belgique par Fronton architecture\" data-full=\"https:\/\/www.fronton.be\/wp-content\/uploads\/2022\/02\/01-St-Pie-X-avant-travaux-6.png\" title=\"01-St Pie X avant travaux (6)\" width=\"480\" height=\"360\" data-src=\"https:\/\/www.fronton.be\/wp-content\/uploads\/2022\/02\/01-St-Pie-X-avant-travaux-6.png\" data-caption=\"\" data-source=\"modula\" data-srcset=\"https:\/\/www.fronton.be\/wp-content\/uploads\/2022\/02\/01-St-Pie-X-avant-travaux-6.png 480w, https:\/\/www.fronton.be\/wp-content\/uploads\/2022\/02\/01-St-Pie-X-avant-travaux-6-300x225.png 300w\" data-sizes=\"(max-width: 480px) 100vw, 480px\" \/>\n\t\t<div class=\"figc no-description\">\n\t\t\t<div class=\"figc-inner\">\n\t\t\t\t\t\t\t\t\t\t\t\t\t\t\t<\/div>\n\t\t<\/div>\n\n\t<\/div>\n\n<\/div><div class=\"modula-item effect-pufrobo jtg-filter-all jtg-filter-\" >\n\t<div class=\"modula-item-overlay\"><\/div>\n\n\t<div class=\"modula-item-content\">\n\n\t\t\t\t\n\t\t\t\t\t<a data-image-id=\"2672\" data-elementor-open-lightbox=\"no\" tabindex=\"0\" href=\"https:\/\/www.fronton.be\/wp-content\/uploads\/2022\/02\/03-St-Pie-X-apre\u0300s-travaux-1.png\" rel=\"jtg-2635\" data-caption=\"\" aria-label=\"Open image in lightbox\" role=\"button\" data-thumb=\"https:\/\/www.fronton.be\/wp-content\/uploads\/2022\/02\/03-St-Pie-X-apre\u0300s-travaux-1-150x150.png\" class=\"tile-inner modula-item-link\"><\/a>\n\t\t\n\t\t<img class=\"pic wp-image-2672 lazyload\"  data-valign=\"middle\" data-halign=\"center\" alt=\"R\u00e9novation d&#039;\u00e9glise St Pie X \u00e0 Uccle en Belgique par Fronton architecture\" data-full=\"https:\/\/www.fronton.be\/wp-content\/uploads\/2022\/02\/03-St-Pie-X-apre\u0300s-travaux-1.png\" title=\"03-St Pie X apre\u0300s travaux (1)\" width=\"640\" height=\"480\" data-src=\"https:\/\/www.fronton.be\/wp-content\/uploads\/2022\/02\/03-St-Pie-X-apre\u0300s-travaux-1.png\" data-caption=\"\" data-source=\"modula\" data-srcset=\"https:\/\/www.fronton.be\/wp-content\/uploads\/2022\/02\/03-St-Pie-X-apre\u0300s-travaux-1.png 640w, https:\/\/www.fronton.be\/wp-content\/uploads\/2022\/02\/03-St-Pie-X-apre\u0300s-travaux-1-300x225.png 300w\" data-sizes=\"(max-width: 640px) 100vw, 640px\" \/>\n\t\t<div class=\"figc no-description\">\n\t\t\t<div class=\"figc-inner\">\n\t\t\t\t\t\t\t\t\t\t\t\t\t\t\t<\/div>\n\t\t<\/div>\n\n\t<\/div>\n\n<\/div><div class=\"modula-item effect-pufrobo jtg-filter-all jtg-filter-\" >\n\t<div class=\"modula-item-overlay\"><\/div>\n\n\t<div class=\"modula-item-content\">\n\n\t\t\t\t\n\t\t\t\t\t<a data-image-id=\"2681\" data-elementor-open-lightbox=\"no\" tabindex=\"0\" href=\"https:\/\/www.fronton.be\/wp-content\/uploads\/2022\/02\/03-St-Pie-X-apre\u0300s-travaux-4.png\" rel=\"jtg-2635\" data-caption=\"\" aria-label=\"Open image in lightbox\" role=\"button\" data-thumb=\"https:\/\/www.fronton.be\/wp-content\/uploads\/2022\/02\/03-St-Pie-X-apre\u0300s-travaux-4-150x150.png\" class=\"tile-inner modula-item-link\"><\/a>\n\t\t\n\t\t<img class=\"pic wp-image-2681 lazyload\"  data-valign=\"middle\" data-halign=\"center\" alt=\"R\u00e9novation d&#039;\u00e9glise St Pie X \u00e0 Uccle en Belgique par Fronton architecture\" data-full=\"https:\/\/www.fronton.be\/wp-content\/uploads\/2022\/02\/03-St-Pie-X-apre\u0300s-travaux-4.png\" title=\"03-St Pie X apre\u0300s travaux (4)\" width=\"640\" height=\"480\" data-src=\"https:\/\/www.fronton.be\/wp-content\/uploads\/2022\/02\/03-St-Pie-X-apre\u0300s-travaux-4.png\" data-caption=\"\" data-source=\"modula\" data-srcset=\"https:\/\/www.fronton.be\/wp-content\/uploads\/2022\/02\/03-St-Pie-X-apre\u0300s-travaux-4.png 640w, https:\/\/www.fronton.be\/wp-content\/uploads\/2022\/02\/03-St-Pie-X-apre\u0300s-travaux-4-300x225.png 300w\" data-sizes=\"(max-width: 640px) 100vw, 640px\" \/>\n\t\t<div class=\"figc no-description\">\n\t\t\t<div class=\"figc-inner\">\n\t\t\t\t\t\t\t\t\t\t\t\t\t\t\t<\/div>\n\t\t<\/div>\n\n\t<\/div>\n\n<\/div><div class=\"modula-item effect-pufrobo jtg-filter-all jtg-filter-\" >\n\t<div class=\"modula-item-overlay\"><\/div>\n\n\t<div class=\"modula-item-content\">\n\n\t\t\t\t\n\t\t\t\t\t<a data-image-id=\"2690\" data-elementor-open-lightbox=\"no\" tabindex=\"0\" href=\"https:\/\/www.fronton.be\/wp-content\/uploads\/2022\/02\/03-St-Pie-X-apre\u0300s-travaux-7.png\" rel=\"jtg-2635\" data-caption=\"\" aria-label=\"Open image in lightbox\" role=\"button\" data-thumb=\"https:\/\/www.fronton.be\/wp-content\/uploads\/2022\/02\/03-St-Pie-X-apre\u0300s-travaux-7-150x150.png\" class=\"tile-inner modula-item-link\"><\/a>\n\t\t\n\t\t<img loading=\"lazy\" class=\"pic wp-image-2690 lazyload\"  data-valign=\"middle\" data-halign=\"center\" alt=\"R\u00e9novation d&#039;\u00e9glise St Pie X \u00e0 Uccle en Belgique par Fronton architecture\" data-full=\"https:\/\/www.fronton.be\/wp-content\/uploads\/2022\/02\/03-St-Pie-X-apre\u0300s-travaux-7.png\" title=\"03-St Pie X apre\u0300s travaux (7)\" width=\"640\" height=\"480\" data-src=\"https:\/\/www.fronton.be\/wp-content\/uploads\/2022\/02\/03-St-Pie-X-apre\u0300s-travaux-7.png\" data-caption=\"\" data-source=\"modula\" data-srcset=\"https:\/\/www.fronton.be\/wp-content\/uploads\/2022\/02\/03-St-Pie-X-apre\u0300s-travaux-7.png 640w, https:\/\/www.fronton.be\/wp-content\/uploads\/2022\/02\/03-St-Pie-X-apre\u0300s-travaux-7-300x225.png 300w\" data-sizes=\"(max-width: 640px) 100vw, 640px\" \/>\n\t\t<div class=\"figc no-description\">\n\t\t\t<div class=\"figc-inner\">\n\t\t\t\t\t\t\t\t\t\t\t\t\t\t\t<\/div>\n\t\t<\/div>\n\n\t<\/div>\n\n<\/div><div class=\"modula-item effect-pufrobo jtg-filter-all jtg-filter-\" >\n\t<div class=\"modula-item-overlay\"><\/div>\n\n\t<div class=\"modula-item-content\">\n\n\t\t\t\t\n\t\t\t\t\t<a data-image-id=\"2693\" data-elementor-open-lightbox=\"no\" tabindex=\"0\" href=\"https:\/\/www.fronton.be\/wp-content\/uploads\/2022\/02\/03-St-Pie-X-apre\u0300s-travaux-8.png\" rel=\"jtg-2635\" data-caption=\"\" aria-label=\"Open image in lightbox\" role=\"button\" data-thumb=\"https:\/\/www.fronton.be\/wp-content\/uploads\/2022\/02\/03-St-Pie-X-apre\u0300s-travaux-8-150x150.png\" class=\"tile-inner modula-item-link\"><\/a>\n\t\t\n\t\t<img loading=\"lazy\" class=\"pic wp-image-2693 lazyload\"  data-valign=\"middle\" data-halign=\"center\" alt=\"R\u00e9novation d&#039;\u00e9glise St Pie X \u00e0 Uccle en Belgique par Fronton architecture\" data-full=\"https:\/\/www.fronton.be\/wp-content\/uploads\/2022\/02\/03-St-Pie-X-apre\u0300s-travaux-8.png\" title=\"03-St Pie X apre\u0300s travaux (8)\" width=\"480\" height=\"360\" data-src=\"https:\/\/www.fronton.be\/wp-content\/uploads\/2022\/02\/03-St-Pie-X-apre\u0300s-travaux-8.png\" data-caption=\"\" data-source=\"modula\" data-srcset=\"https:\/\/www.fronton.be\/wp-content\/uploads\/2022\/02\/03-St-Pie-X-apre\u0300s-travaux-8.png 480w, https:\/\/www.fronton.be\/wp-content\/uploads\/2022\/02\/03-St-Pie-X-apre\u0300s-travaux-8-300x225.png 300w\" data-sizes=\"(max-width: 480px) 100vw, 480px\" \/>\n\t\t<div class=\"figc no-description\">\n\t\t\t<div class=\"figc-inner\">\n\t\t\t\t\t\t\t\t\t\t\t\t\t\t\t<\/div>\n\t\t<\/div>\n\n\t<\/div>\n\n<\/div><div class=\"modula-item effect-pufrobo jtg-filter-all jtg-filter-\" >\n\t<div class=\"modula-item-overlay\"><\/div>\n\n\t<div class=\"modula-item-content\">\n\n\t\t\t\t\n\t\t\t\t\t<a data-image-id=\"2684\" data-elementor-open-lightbox=\"no\" tabindex=\"0\" href=\"https:\/\/www.fronton.be\/wp-content\/uploads\/2022\/02\/03-St-Pie-X-apre\u0300s-travaux-5.png\" rel=\"jtg-2635\" data-caption=\"\" aria-label=\"Open image in lightbox\" role=\"button\" data-thumb=\"https:\/\/www.fronton.be\/wp-content\/uploads\/2022\/02\/03-St-Pie-X-apre\u0300s-travaux-5-150x150.png\" class=\"tile-inner modula-item-link\"><\/a>\n\t\t\n\t\t<img loading=\"lazy\" class=\"pic wp-image-2684 lazyload\"  data-valign=\"middle\" data-halign=\"center\" alt=\"R\u00e9novation d&#039;\u00e9glise St Pie X \u00e0 Uccle en Belgique par Fronton architecture\" data-full=\"https:\/\/www.fronton.be\/wp-content\/uploads\/2022\/02\/03-St-Pie-X-apre\u0300s-travaux-5.png\" title=\"03-St Pie X apre\u0300s travaux (5)\" width=\"480\" height=\"360\" data-src=\"https:\/\/www.fronton.be\/wp-content\/uploads\/2022\/02\/03-St-Pie-X-apre\u0300s-travaux-5.png\" data-caption=\"\" data-source=\"modula\" data-srcset=\"https:\/\/www.fronton.be\/wp-content\/uploads\/2022\/02\/03-St-Pie-X-apre\u0300s-travaux-5.png 480w, https:\/\/www.fronton.be\/wp-content\/uploads\/2022\/02\/03-St-Pie-X-apre\u0300s-travaux-5-300x225.png 300w\" data-sizes=\"(max-width: 480px) 100vw, 480px\" \/>\n\t\t<div class=\"figc no-description\">\n\t\t\t<div class=\"figc-inner\">\n\t\t\t\t\t\t\t\t\t\t\t\t\t\t\t<\/div>\n\t\t<\/div>\n\n\t<\/div>\n\n<\/div><div class=\"modula-item effect-pufrobo jtg-filter-all jtg-filter-\" >\n\t<div class=\"modula-item-overlay\"><\/div>\n\n\t<div class=\"modula-item-content\">\n\n\t\t\t\t\n\t\t\t\t\t<a data-image-id=\"2675\" data-elementor-open-lightbox=\"no\" tabindex=\"0\" href=\"https:\/\/www.fronton.be\/wp-content\/uploads\/2022\/02\/03-St-Pie-X-apre\u0300s-travaux-2.png\" rel=\"jtg-2635\" data-caption=\"\" aria-label=\"Open image in lightbox\" role=\"button\" data-thumb=\"https:\/\/www.fronton.be\/wp-content\/uploads\/2022\/02\/03-St-Pie-X-apre\u0300s-travaux-2-150x150.png\" class=\"tile-inner modula-item-link\"><\/a>\n\t\t\n\t\t<img loading=\"lazy\" class=\"pic wp-image-2675 lazyload\"  data-valign=\"middle\" data-halign=\"center\" alt=\"R\u00e9novation d&#039;\u00e9glise St Pie X \u00e0 Uccle en Belgique par Fronton architecture\" data-full=\"https:\/\/www.fronton.be\/wp-content\/uploads\/2022\/02\/03-St-Pie-X-apre\u0300s-travaux-2.png\" title=\"03-St Pie X apre\u0300s travaux (2)\" width=\"640\" height=\"480\" data-src=\"https:\/\/www.fronton.be\/wp-content\/uploads\/2022\/02\/03-St-Pie-X-apre\u0300s-travaux-2.png\" data-caption=\"\" data-source=\"modula\" data-srcset=\"https:\/\/www.fronton.be\/wp-content\/uploads\/2022\/02\/03-St-Pie-X-apre\u0300s-travaux-2.png 640w, https:\/\/www.fronton.be\/wp-content\/uploads\/2022\/02\/03-St-Pie-X-apre\u0300s-travaux-2-300x225.png 300w\" data-sizes=\"(max-width: 640px) 100vw, 640px\" \/>\n\t\t<div class=\"figc no-description\">\n\t\t\t<div class=\"figc-inner\">\n\t\t\t\t\t\t\t\t\t\t\t\t\t\t\t<\/div>\n\t\t<\/div>\n\n\t<\/div>\n\n<\/div><div class=\"modula-item effect-pufrobo jtg-filter-all jtg-filter-\" >\n\t<div class=\"modula-item-overlay\"><\/div>\n\n\t<div class=\"modula-item-content\">\n\n\t\t\t\t\n\t\t\t\t\t<a data-image-id=\"2654\" data-elementor-open-lightbox=\"no\" tabindex=\"0\" href=\"https:\/\/www.fronton.be\/wp-content\/uploads\/2022\/02\/01-St-Pie-X-avant-travaux-7.png\" rel=\"jtg-2635\" data-caption=\"\" aria-label=\"Open image in lightbox\" role=\"button\" data-thumb=\"https:\/\/www.fronton.be\/wp-content\/uploads\/2022\/02\/01-St-Pie-X-avant-travaux-7-150x150.png\" class=\"tile-inner modula-item-link\"><\/a>\n\t\t\n\t\t<img loading=\"lazy\" class=\"pic wp-image-2654 lazyload\"  data-valign=\"middle\" data-halign=\"center\" alt=\"R\u00e9novation d&#039;\u00e9glise St Pie X \u00e0 Uccle en Belgique par Fronton architecture\" data-full=\"https:\/\/www.fronton.be\/wp-content\/uploads\/2022\/02\/01-St-Pie-X-avant-travaux-7.png\" title=\"01-St Pie X avant travaux (7)\" width=\"640\" height=\"480\" data-src=\"https:\/\/www.fronton.be\/wp-content\/uploads\/2022\/02\/01-St-Pie-X-avant-travaux-7.png\" data-caption=\"\" data-source=\"modula\" data-srcset=\"https:\/\/www.fronton.be\/wp-content\/uploads\/2022\/02\/01-St-Pie-X-avant-travaux-7.png 640w, https:\/\/www.fronton.be\/wp-content\/uploads\/2022\/02\/01-St-Pie-X-avant-travaux-7-300x225.png 300w\" data-sizes=\"(max-width: 640px) 100vw, 640px\" \/>\n\t\t<div class=\"figc no-description\">\n\t\t\t<div class=\"figc-inner\">\n\t\t\t\t\t\t\t\t\t\t\t\t\t\t\t<\/div>\n\t\t<\/div>\n\n\t<\/div>\n\n<\/div><div class=\"modula-item effect-pufrobo jtg-filter-all jtg-filter-\" >\n\t<div class=\"modula-item-overlay\"><\/div>\n\n\t<div class=\"modula-item-content\">\n\n\t\t\t\t\n\t\t\t\t\t<a data-image-id=\"2660\" data-elementor-open-lightbox=\"no\" tabindex=\"0\" href=\"https:\/\/www.fronton.be\/wp-content\/uploads\/2022\/02\/02-St-Pie-X-travaux-1.png\" rel=\"jtg-2635\" data-caption=\"\" aria-label=\"Open image in lightbox\" role=\"button\" data-thumb=\"https:\/\/www.fronton.be\/wp-content\/uploads\/2022\/02\/02-St-Pie-X-travaux-1-150x150.png\" class=\"tile-inner modula-item-link\"><\/a>\n\t\t\n\t\t<img loading=\"lazy\" class=\"pic wp-image-2660 lazyload\"  data-valign=\"middle\" data-halign=\"center\" alt=\"R\u00e9novation d&#039;\u00e9glise St Pie X \u00e0 Uccle en Belgique par Fronton architecture\" data-full=\"https:\/\/www.fronton.be\/wp-content\/uploads\/2022\/02\/02-St-Pie-X-travaux-1.png\" title=\"02-St Pie X travaux (1)\" width=\"480\" height=\"360\" data-src=\"https:\/\/www.fronton.be\/wp-content\/uploads\/2022\/02\/02-St-Pie-X-travaux-1.png\" data-caption=\"\" data-source=\"modula\" data-srcset=\"https:\/\/www.fronton.be\/wp-content\/uploads\/2022\/02\/02-St-Pie-X-travaux-1.png 480w, https:\/\/www.fronton.be\/wp-content\/uploads\/2022\/02\/02-St-Pie-X-travaux-1-300x225.png 300w\" data-sizes=\"(max-width: 480px) 100vw, 480px\" \/>\n\t\t<div class=\"figc no-description\">\n\t\t\t<div class=\"figc-inner\">\n\t\t\t\t\t\t\t\t\t\t\t\t\t\t\t<\/div>\n\t\t<\/div>\n\n\t<\/div>\n\n<\/div><div class=\"modula-item effect-pufrobo jtg-filter-all jtg-filter-\" >\n\t<div class=\"modula-item-overlay\"><\/div>\n\n\t<div class=\"modula-item-content\">\n\n\t\t\t\t\n\t\t\t\t\t<a data-image-id=\"2663\" data-elementor-open-lightbox=\"no\" tabindex=\"0\" href=\"https:\/\/www.fronton.be\/wp-content\/uploads\/2022\/02\/02-St-Pie-X-travaux-2.png\" rel=\"jtg-2635\" data-caption=\"\" aria-label=\"Open image in lightbox\" role=\"button\" data-thumb=\"https:\/\/www.fronton.be\/wp-content\/uploads\/2022\/02\/02-St-Pie-X-travaux-2-150x150.png\" class=\"tile-inner modula-item-link\"><\/a>\n\t\t\n\t\t<img loading=\"lazy\" class=\"pic wp-image-2663 lazyload\"  data-valign=\"middle\" data-halign=\"center\" alt=\"R\u00e9novation d&#039;\u00e9glise St Pie X \u00e0 Uccle en Belgique par Fronton architecture\" data-full=\"https:\/\/www.fronton.be\/wp-content\/uploads\/2022\/02\/02-St-Pie-X-travaux-2.png\" title=\"02-St Pie X travaux (2)\" width=\"640\" height=\"480\" data-src=\"https:\/\/www.fronton.be\/wp-content\/uploads\/2022\/02\/02-St-Pie-X-travaux-2.png\" data-caption=\"\" data-source=\"modula\" data-srcset=\"https:\/\/www.fronton.be\/wp-content\/uploads\/2022\/02\/02-St-Pie-X-travaux-2.png 640w, https:\/\/www.fronton.be\/wp-content\/uploads\/2022\/02\/02-St-Pie-X-travaux-2-300x225.png 300w\" data-sizes=\"(max-width: 640px) 100vw, 640px\" \/>\n\t\t<div class=\"figc no-description\">\n\t\t\t<div class=\"figc-inner\">\n\t\t\t\t\t\t\t\t\t\t\t\t\t\t\t<\/div>\n\t\t<\/div>\n\n\t<\/div>\n\n<\/div><div class=\"modula-item effect-pufrobo jtg-filter-all jtg-filter-\" >\n\t<div class=\"modula-item-overlay\"><\/div>\n\n\t<div class=\"modula-item-content\">\n\n\t\t\t\t\n\t\t\t\t\t<a data-image-id=\"2669\" data-elementor-open-lightbox=\"no\" tabindex=\"0\" href=\"https:\/\/www.fronton.be\/wp-content\/uploads\/2022\/02\/02-St-Pie-X-travaux-4.png\" rel=\"jtg-2635\" data-caption=\"\" aria-label=\"Open image in lightbox\" role=\"button\" data-thumb=\"https:\/\/www.fronton.be\/wp-content\/uploads\/2022\/02\/02-St-Pie-X-travaux-4-150x150.png\" class=\"tile-inner modula-item-link\"><\/a>\n\t\t\n\t\t<img loading=\"lazy\" class=\"pic wp-image-2669 lazyload\"  data-valign=\"middle\" data-halign=\"center\" alt=\"R\u00e9novation d&#039;\u00e9glise St Pie X \u00e0 Uccle en Belgique par Fronton architecture\" data-full=\"https:\/\/www.fronton.be\/wp-content\/uploads\/2022\/02\/02-St-Pie-X-travaux-4.png\" title=\"02-St Pie X travaux (4)\" width=\"480\" height=\"360\" data-src=\"https:\/\/www.fronton.be\/wp-content\/uploads\/2022\/02\/02-St-Pie-X-travaux-4.png\" data-caption=\"\" data-source=\"modula\" data-srcset=\"https:\/\/www.fronton.be\/wp-content\/uploads\/2022\/02\/02-St-Pie-X-travaux-4.png 480w, https:\/\/www.fronton.be\/wp-content\/uploads\/2022\/02\/02-St-Pie-X-travaux-4-300x225.png 300w\" data-sizes=\"(max-width: 480px) 100vw, 480px\" \/>\n\t\t<div class=\"figc no-description\">\n\t\t\t<div class=\"figc-inner\">\n\t\t\t\t\t\t\t\t\t\t\t\t\t\t\t<\/div>\n\t\t<\/div>\n\n\t<\/div>\n\n<\/div><div class=\"modula-item effect-pufrobo jtg-filter-all jtg-filter-\" >\n\t<div class=\"modula-item-overlay\"><\/div>\n\n\t<div class=\"modula-item-content\">\n\n\t\t\t\t\n\t\t\t\t\t<a data-image-id=\"2657\" data-elementor-open-lightbox=\"no\" tabindex=\"0\" href=\"https:\/\/www.fronton.be\/wp-content\/uploads\/2022\/02\/01-St-Pie-X-avant-travaux-8.png\" rel=\"jtg-2635\" data-caption=\"\" aria-label=\"Open image in lightbox\" role=\"button\" data-thumb=\"https:\/\/www.fronton.be\/wp-content\/uploads\/2022\/02\/01-St-Pie-X-avant-travaux-8-150x150.png\" class=\"tile-inner modula-item-link\"><\/a>\n\t\t\n\t\t<img loading=\"lazy\" class=\"pic wp-image-2657 lazyload\"  data-valign=\"middle\" data-halign=\"center\" alt=\"R\u00e9novation d&#039;\u00e9glise St Pie X \u00e0 Uccle en Belgique par Fronton architecture\" data-full=\"https:\/\/www.fronton.be\/wp-content\/uploads\/2022\/02\/01-St-Pie-X-avant-travaux-8.png\" title=\"01-St Pie X avant travaux (8)\" width=\"640\" height=\"480\" data-src=\"https:\/\/www.fronton.be\/wp-content\/uploads\/2022\/02\/01-St-Pie-X-avant-travaux-8.png\" data-caption=\"\" data-source=\"modula\" data-srcset=\"https:\/\/www.fronton.be\/wp-content\/uploads\/2022\/02\/01-St-Pie-X-avant-travaux-8.png 640w, https:\/\/www.fronton.be\/wp-content\/uploads\/2022\/02\/01-St-Pie-X-avant-travaux-8-300x225.png 300w\" data-sizes=\"(max-width: 640px) 100vw, 640px\" \/>\n\t\t<div class=\"figc no-description\">\n\t\t\t<div class=\"figc-inner\">\n\t\t\t\t\t\t\t\t\t\t\t\t\t\t\t<\/div>\n\t\t<\/div>\n\n\t<\/div>\n\n<\/div><div class=\"modula-item effect-pufrobo jtg-filter-all jtg-filter-\" >\n\t<div class=\"modula-item-overlay\"><\/div>\n\n\t<div class=\"modula-item-content\">\n\n\t\t\t\t\n\t\t\t\t\t<a data-image-id=\"2636\" data-elementor-open-lightbox=\"no\" tabindex=\"0\" href=\"https:\/\/www.fronton.be\/wp-content\/uploads\/2022\/02\/01-St-Pie-X-avant-travaux-1.png\" rel=\"jtg-2635\" data-caption=\"\" aria-label=\"Open image in lightbox\" role=\"button\" data-thumb=\"https:\/\/www.fronton.be\/wp-content\/uploads\/2022\/02\/01-St-Pie-X-avant-travaux-1-150x150.png\" class=\"tile-inner modula-item-link\"><\/a>\n\t\t\n\t\t<img loading=\"lazy\" class=\"pic wp-image-2636 lazyload\"  data-valign=\"middle\" data-halign=\"center\" alt=\"R\u00e9novation d&#039;\u00e9glise St Pie X \u00e0 Uccle en Belgique par Fronton architecture\" data-full=\"https:\/\/www.fronton.be\/wp-content\/uploads\/2022\/02\/01-St-Pie-X-avant-travaux-1.png\" title=\"01-St Pie X avant travaux (1)\" width=\"640\" height=\"480\" data-src=\"https:\/\/www.fronton.be\/wp-content\/uploads\/2022\/02\/01-St-Pie-X-avant-travaux-1.png\" data-caption=\"\" data-source=\"modula\" data-srcset=\"https:\/\/www.fronton.be\/wp-content\/uploads\/2022\/02\/01-St-Pie-X-avant-travaux-1.png 640w, https:\/\/www.fronton.be\/wp-content\/uploads\/2022\/02\/01-St-Pie-X-avant-travaux-1-300x225.png 300w\" data-sizes=\"(max-width: 640px) 100vw, 640px\" \/>\n\t\t<div class=\"figc no-description\">\n\t\t\t<div class=\"figc-inner\">\n\t\t\t\t\t\t\t\t\t\t\t\t\t\t\t<\/div>\n\t\t<\/div>\n\n\t<\/div>\n\n<\/div><div class=\"modula-item effect-pufrobo jtg-filter-all jtg-filter-\" >\n\t<div class=\"modula-item-overlay\"><\/div>\n\n\t<div class=\"modula-item-content\">\n\n\t\t\t\t\n\t\t\t\t\t<a data-image-id=\"2648\" data-elementor-open-lightbox=\"no\" tabindex=\"0\" href=\"https:\/\/www.fronton.be\/wp-content\/uploads\/2022\/02\/01-St-Pie-X-avant-travaux-5.png\" rel=\"jtg-2635\" data-caption=\"\" aria-label=\"Open image in lightbox\" role=\"button\" data-thumb=\"https:\/\/www.fronton.be\/wp-content\/uploads\/2022\/02\/01-St-Pie-X-avant-travaux-5-150x150.png\" class=\"tile-inner modula-item-link\"><\/a>\n\t\t\n\t\t<img loading=\"lazy\" class=\"pic wp-image-2648 lazyload\"  data-valign=\"middle\" data-halign=\"center\" alt=\"R\u00e9novation d&#039;\u00e9glise St Pie X \u00e0 Uccle en Belgique par Fronton architecture\" data-full=\"https:\/\/www.fronton.be\/wp-content\/uploads\/2022\/02\/01-St-Pie-X-avant-travaux-5.png\" title=\"01-St Pie X avant travaux (5)\" width=\"480\" height=\"360\" data-src=\"https:\/\/www.fronton.be\/wp-content\/uploads\/2022\/02\/01-St-Pie-X-avant-travaux-5.png\" data-caption=\"\" data-source=\"modula\" data-srcset=\"https:\/\/www.fronton.be\/wp-content\/uploads\/2022\/02\/01-St-Pie-X-avant-travaux-5.png 480w, https:\/\/www.fronton.be\/wp-content\/uploads\/2022\/02\/01-St-Pie-X-avant-travaux-5-300x225.png 300w\" data-sizes=\"(max-width: 480px) 100vw, 480px\" \/>\n\t\t<div class=\"figc no-description\">\n\t\t\t<div class=\"figc-inner\">\n\t\t\t\t\t\t\t\t\t\t\t\t\t\t\t<\/div>\n\t\t<\/div>\n\n\t<\/div>\n\n<\/div><div class=\"modula-item effect-pufrobo jtg-filter-all jtg-filter-\" >\n\t<div class=\"modula-item-overlay\"><\/div>\n\n\t<div class=\"modula-item-content\">\n\n\t\t\t\t\n\t\t\t\t\t<a data-image-id=\"2666\" data-elementor-open-lightbox=\"no\" tabindex=\"0\" href=\"https:\/\/www.fronton.be\/wp-content\/uploads\/2022\/02\/02-St-Pie-X-travaux-3.png\" rel=\"jtg-2635\" data-caption=\"\" aria-label=\"Open image in lightbox\" role=\"button\" data-thumb=\"https:\/\/www.fronton.be\/wp-content\/uploads\/2022\/02\/02-St-Pie-X-travaux-3-150x150.png\" class=\"tile-inner modula-item-link\"><\/a>\n\t\t\n\t\t<img loading=\"lazy\" class=\"pic wp-image-2666 lazyload\"  data-valign=\"middle\" data-halign=\"center\" alt=\"R\u00e9novation d&#039;\u00e9glise St Pie X \u00e0 Uccle en Belgique par Fronton architecture\" data-full=\"https:\/\/www.fronton.be\/wp-content\/uploads\/2022\/02\/02-St-Pie-X-travaux-3.png\" title=\"02-St Pie X travaux (3)\" width=\"480\" height=\"360\" data-src=\"https:\/\/www.fronton.be\/wp-content\/uploads\/2022\/02\/02-St-Pie-X-travaux-3.png\" data-caption=\"\" data-source=\"modula\" data-srcset=\"https:\/\/www.fronton.be\/wp-content\/uploads\/2022\/02\/02-St-Pie-X-travaux-3.png 480w, https:\/\/www.fronton.be\/wp-content\/uploads\/2022\/02\/02-St-Pie-X-travaux-3-300x225.png 300w\" data-sizes=\"(max-width: 480px) 100vw, 480px\" \/>\n\t\t<div class=\"figc no-description\">\n\t\t\t<div class=\"figc-inner\">\n\t\t\t\t\t\t\t\t\t\t\t\t\t\t\t<\/div>\n\t\t<\/div>\n\n\t<\/div>\n\n<\/div><div class=\"modula-item effect-pufrobo jtg-filter-all jtg-filter-\" >\n\t<div class=\"modula-item-overlay\"><\/div>\n\n\t<div class=\"modula-item-content\">\n\n\t\t\t\t\n\t\t\t\t\t<a data-image-id=\"2642\" data-elementor-open-lightbox=\"no\" tabindex=\"0\" href=\"https:\/\/www.fronton.be\/wp-content\/uploads\/2022\/02\/01-St-Pie-X-avant-travaux-3.png\" rel=\"jtg-2635\" data-caption=\"\" aria-label=\"Open image in lightbox\" role=\"button\" data-thumb=\"https:\/\/www.fronton.be\/wp-content\/uploads\/2022\/02\/01-St-Pie-X-avant-travaux-3-150x150.png\" class=\"tile-inner modula-item-link\"><\/a>\n\t\t\n\t\t<img loading=\"lazy\" class=\"pic wp-image-2642 lazyload\"  data-valign=\"middle\" data-halign=\"center\" alt=\"R\u00e9novation d&#039;\u00e9glise St Pie X \u00e0 Uccle en Belgique par Fronton architecture\" data-full=\"https:\/\/www.fronton.be\/wp-content\/uploads\/2022\/02\/01-St-Pie-X-avant-travaux-3.png\" title=\"01-St Pie X avant travaux (3)\" width=\"640\" height=\"480\" data-src=\"https:\/\/www.fronton.be\/wp-content\/uploads\/2022\/02\/01-St-Pie-X-avant-travaux-3.png\" data-caption=\"\" data-source=\"modula\" data-srcset=\"https:\/\/www.fronton.be\/wp-content\/uploads\/2022\/02\/01-St-Pie-X-avant-travaux-3.png 640w, https:\/\/www.fronton.be\/wp-content\/uploads\/2022\/02\/01-St-Pie-X-avant-travaux-3-300x225.png 300w\" data-sizes=\"(max-width: 640px) 100vw, 640px\" \/>\n\t\t<div class=\"figc no-description\">\n\t\t\t<div class=\"figc-inner\">\n\t\t\t\t\t\t\t\t\t\t\t\t\t\t\t<\/div>\n\t\t<\/div>\n\n\t<\/div>\n\n<\/div><div class=\"modula-item effect-pufrobo jtg-filter-all jtg-filter-\" >\n\t<div class=\"modula-item-overlay\"><\/div>\n\n\t<div class=\"modula-item-content\">\n\n\t\t\t\t\n\t\t\t\t\t<a data-image-id=\"2687\" data-elementor-open-lightbox=\"no\" tabindex=\"0\" href=\"https:\/\/www.fronton.be\/wp-content\/uploads\/2022\/02\/03-St-Pie-X-apre\u0300s-travaux-6.png\" rel=\"jtg-2635\" data-caption=\"\" aria-label=\"Open image in lightbox\" role=\"button\" data-thumb=\"https:\/\/www.fronton.be\/wp-content\/uploads\/2022\/02\/03-St-Pie-X-apre\u0300s-travaux-6-150x150.png\" class=\"tile-inner modula-item-link\"><\/a>\n\t\t\n\t\t<img loading=\"lazy\" class=\"pic wp-image-2687 lazyload\"  data-valign=\"middle\" data-halign=\"center\" alt=\"R\u00e9novation d&#039;\u00e9glise St Pie X \u00e0 Uccle en Belgique par Fronton architecture\" data-full=\"https:\/\/www.fronton.be\/wp-content\/uploads\/2022\/02\/03-St-Pie-X-apre\u0300s-travaux-6.png\" title=\"03-St Pie X apre\u0300s travaux (6)\" width=\"640\" height=\"480\" data-src=\"https:\/\/www.fronton.be\/wp-content\/uploads\/2022\/02\/03-St-Pie-X-apre\u0300s-travaux-6.png\" data-caption=\"\" data-source=\"modula\" data-srcset=\"https:\/\/www.fronton.be\/wp-content\/uploads\/2022\/02\/03-St-Pie-X-apre\u0300s-travaux-6.png 640w, https:\/\/www.fronton.be\/wp-content\/uploads\/2022\/02\/03-St-Pie-X-apre\u0300s-travaux-6-300x225.png 300w\" data-sizes=\"(max-width: 640px) 100vw, 640px\" \/>\n\t\t<div class=\"figc no-description\">\n\t\t\t<div class=\"figc-inner\">\n\t\t\t\t\t\t\t\t\t\t\t\t\t\t\t<\/div>\n\t\t<\/div>\n\n\t<\/div>\n\n<\/div><div class=\"modula-item effect-pufrobo jtg-filter-all jtg-filter-\" >\n\t<div class=\"modula-item-overlay\"><\/div>\n\n\t<div class=\"modula-item-content\">\n\n\t\t\t\t\n\t\t\t\t\t<a data-image-id=\"2639\" data-elementor-open-lightbox=\"no\" tabindex=\"0\" href=\"https:\/\/www.fronton.be\/wp-content\/uploads\/2022\/02\/01-St-Pie-X-avant-travaux-2.png\" rel=\"jtg-2635\" data-caption=\"\" aria-label=\"Open image in lightbox\" role=\"button\" data-thumb=\"https:\/\/www.fronton.be\/wp-content\/uploads\/2022\/02\/01-St-Pie-X-avant-travaux-2-150x150.png\" class=\"tile-inner modula-item-link\"><\/a>\n\t\t\n\t\t<img loading=\"lazy\" class=\"pic wp-image-2639 lazyload\"  data-valign=\"middle\" data-halign=\"center\" alt=\"R\u00e9novation d&#039;\u00e9glise St Pie X \u00e0 Uccle en Belgique par Fronton architecture\" data-full=\"https:\/\/www.fronton.be\/wp-content\/uploads\/2022\/02\/01-St-Pie-X-avant-travaux-2.png\" title=\"01-St Pie X avant travaux (2)\" width=\"480\" height=\"360\" data-src=\"https:\/\/www.fronton.be\/wp-content\/uploads\/2022\/02\/01-St-Pie-X-avant-travaux-2.png\" data-caption=\"\" data-source=\"modula\" data-srcset=\"https:\/\/www.fronton.be\/wp-content\/uploads\/2022\/02\/01-St-Pie-X-avant-travaux-2.png 480w, https:\/\/www.fronton.be\/wp-content\/uploads\/2022\/02\/01-St-Pie-X-avant-travaux-2-300x225.png 300w\" data-sizes=\"(max-width: 480px) 100vw, 480px\" \/>\n\t\t<div class=\"figc no-description\">\n\t\t\t<div class=\"figc-inner\">\n\t\t\t\t\t\t\t\t\t\t\t\t\t\t\t<\/div>\n\t\t<\/div>\n\n\t<\/div>\n\n<\/div><div class=\"modula-item effect-pufrobo jtg-filter-all jtg-filter-\" >\n\t<div class=\"modula-item-overlay\"><\/div>\n\n\t<div class=\"modula-item-content\">\n\n\t\t\t\t\n\t\t\t\t\t<a data-image-id=\"2645\" data-elementor-open-lightbox=\"no\" tabindex=\"0\" href=\"https:\/\/www.fronton.be\/wp-content\/uploads\/2022\/02\/01-St-Pie-X-avant-travaux-4.png\" rel=\"jtg-2635\" data-caption=\"\" aria-label=\"Open image in lightbox\" role=\"button\" data-thumb=\"https:\/\/www.fronton.be\/wp-content\/uploads\/2022\/02\/01-St-Pie-X-avant-travaux-4-150x150.png\" class=\"tile-inner modula-item-link\"><\/a>\n\t\t\n\t\t<img loading=\"lazy\" class=\"pic wp-image-2645 lazyload\"  data-valign=\"middle\" data-halign=\"center\" alt=\"R\u00e9novation d&#039;\u00e9glise St Pie X \u00e0 Uccle en Belgique par Fronton architecture\" data-full=\"https:\/\/www.fronton.be\/wp-content\/uploads\/2022\/02\/01-St-Pie-X-avant-travaux-4.png\" title=\"01-St Pie X avant travaux (4)\" width=\"640\" height=\"480\" data-src=\"https:\/\/www.fronton.be\/wp-content\/uploads\/2022\/02\/01-St-Pie-X-avant-travaux-4.png\" data-caption=\"\" data-source=\"modula\" data-srcset=\"https:\/\/www.fronton.be\/wp-content\/uploads\/2022\/02\/01-St-Pie-X-avant-travaux-4.png 640w, https:\/\/www.fronton.be\/wp-content\/uploads\/2022\/02\/01-St-Pie-X-avant-travaux-4-300x225.png 300w\" data-sizes=\"(max-width: 640px) 100vw, 640px\" \/>\n\t\t<div class=\"figc no-description\">\n\t\t\t<div class=\"figc-inner\">\n\t\t\t\t\t\t\t\t\t\t\t\t\t\t\t<\/div>\n\t\t<\/div>\n\n\t<\/div>\n\n<\/div><div class=\"modula-item effect-pufrobo jtg-filter-all jtg-filter-\" >\n\t<div class=\"modula-item-overlay\"><\/div>\n\n\t<div class=\"modula-item-content\">\n\n\t\t\t\t\n\t\t\t\t\t<a data-image-id=\"2678\" data-elementor-open-lightbox=\"no\" tabindex=\"0\" href=\"https:\/\/www.fronton.be\/wp-content\/uploads\/2022\/02\/03-St-Pie-X-apre\u0300s-travaux-3.png\" rel=\"jtg-2635\" data-caption=\"\" aria-label=\"Open image in lightbox\" role=\"button\" data-thumb=\"https:\/\/www.fronton.be\/wp-content\/uploads\/2022\/02\/03-St-Pie-X-apre\u0300s-travaux-3-150x150.png\" class=\"tile-inner modula-item-link\"><\/a>\n\t\t\n\t\t<img loading=\"lazy\" class=\"pic wp-image-2678 lazyload\"  data-valign=\"middle\" data-halign=\"center\" alt=\"R\u00e9novation d&#039;\u00e9glise St Pie X \u00e0 Uccle en Belgique par Fronton architecture\" data-full=\"https:\/\/www.fronton.be\/wp-content\/uploads\/2022\/02\/03-St-Pie-X-apre\u0300s-travaux-3.png\" title=\"03-St Pie X apre\u0300s travaux (3)\" width=\"640\" height=\"480\" data-src=\"https:\/\/www.fronton.be\/wp-content\/uploads\/2022\/02\/03-St-Pie-X-apre\u0300s-travaux-3.png\" data-caption=\"\" data-source=\"modula\" data-srcset=\"https:\/\/www.fronton.be\/wp-content\/uploads\/2022\/02\/03-St-Pie-X-apre\u0300s-travaux-3.png 640w, https:\/\/www.fronton.be\/wp-content\/uploads\/2022\/02\/03-St-Pie-X-apre\u0300s-travaux-3-300x225.png 300w\" data-sizes=\"(max-width: 640px) 100vw, 640px\" \/>\n\t\t<div class=\"figc no-description\">\n\t\t\t<div class=\"figc-inner\">\n\t\t\t\t\t\t\t\t\t\t\t\t\t\t\t<\/div>\n\t\t<\/div>\n\n\t<\/div>\n\n<\/div>\t\t\n\t<\/div>\n\n\t\n\t\n\t<script type=\"application\/ld+json\">\n\t{\n\t\t\"@context\": \"http:\/\/schema.org\",\n\t\t\"@type\"   : \"ImageGallery\",\n\t\t\"id\"      : \"https:\/\/www.fronton.be\/en\/renovation-of-st-pie-x-church\/\",\n\t\t\"url\"     : \"https:\/\/www.fronton.be\/en\/renovation-of-st-pie-x-church\/\"\n\t}\n\n\t<\/script>\n\n\t\n<\/div>\n\n","protected":false},"excerpt":{"rendered":"<p>Renovation of St Pie X Church &#8211; Uccle<\/p>\n","protected":false},"author":1,"featured_media":2689,"comment_status":"closed","ping_status":"closed","sticky":false,"template":"","format":"standard","meta":{"_seopress_robots_primary_cat":"none","_seopress_titles_title":"","_seopress_titles_desc":"","_seopress_robots_index":"","footnotes":"","_links_to":"","_links_to_target":""},"categories":[49],"tags":[],"class_list":["post-3820","post","type-post","status-publish","format-standard","has-post-thumbnail","hentry","category-public-en"],"_links":{"self":[{"href":"https:\/\/www.fronton.be\/en\/wp-json\/wp\/v2\/posts\/3820","targetHints":{"allow":["GET"]}}],"collection":[{"href":"https:\/\/www.fronton.be\/en\/wp-json\/wp\/v2\/posts"}],"about":[{"href":"https:\/\/www.fronton.be\/en\/wp-json\/wp\/v2\/types\/post"}],"author":[{"embeddable":true,"href":"https:\/\/www.fronton.be\/en\/wp-json\/wp\/v2\/users\/1"}],"replies":[{"embeddable":true,"href":"https:\/\/www.fronton.be\/en\/wp-json\/wp\/v2\/comments?post=3820"}],"version-history":[{"count":1,"href":"https:\/\/www.fronton.be\/en\/wp-json\/wp\/v2\/posts\/3820\/revisions"}],"predecessor-version":[{"id":5003,"href":"https:\/\/www.fronton.be\/en\/wp-json\/wp\/v2\/posts\/3820\/revisions\/5003"}],"wp:featuredmedia":[{"embeddable":true,"href":"https:\/\/www.fronton.be\/en\/wp-json\/wp\/v2\/media\/2689"}],"wp:attachment":[{"href":"https:\/\/www.fronton.be\/en\/wp-json\/wp\/v2\/media?parent=3820"}],"wp:term":[{"taxonomy":"category","embeddable":true,"href":"https:\/\/www.fronton.be\/en\/wp-json\/wp\/v2\/categories?post=3820"},{"taxonomy":"post_tag","embeddable":true,"href":"https:\/\/www.fronton.be\/en\/wp-json\/wp\/v2\/tags?post=3820"}],"curies":[{"name":"wp","href":"https:\/\/api.w.org\/{rel}","templated":true}]}}